{"id":2805,"date":"2016-09-26T09:34:19","date_gmt":"2016-09-26T08:34:19","guid":{"rendered":"http:\/\/sdhmalahrastice.cz\/?p=2805"},"modified":"2016-09-26T13:56:21","modified_gmt":"2016-09-26T12:56:21","slug":"24-9-2016-pohar-starosty-libcice","status":"publish","type":"post","link":"https:\/\/www.sdhmalahrastice.cz\/?p=2805","title":{"rendered":"24. 9. 2016 &#8211; Poh\u00e1r starosty &#8211; Lib\u010dice"},"content":{"rendered":"<p><a href=\"http:\/\/sdhmalahrastice.cz\/wp-content\/uploads\/2016\/09\/20160924_115327.jpg\"><img loading=\"lazy\" decoding=\"async\" class=\"alignnone size-full wp-image-2806\" src=\"http:\/\/sdhmalahrastice.cz\/wp-content\/uploads\/2016\/09\/20160924_115327.jpg\" alt=\"20160924_115327\" width=\"2000\" height=\"1125\" srcset=\"https:\/\/www.sdhmalahrastice.cz\/wp-content\/uploads\/2016\/09\/20160924_115327.jpg 2000w, https:\/\/www.sdhmalahrastice.cz\/wp-content\/uploads\/2016\/09\/20160924_115327-300x169.jpg 300w, https:\/\/www.sdhmalahrastice.cz\/wp-content\/uploads\/2016\/09\/20160924_115327-768x432.jpg 768w, https:\/\/www.sdhmalahrastice.cz\/wp-content\/uploads\/2016\/09\/20160924_115327-1024x576.jpg 1024w\" sizes=\"auto, (max-width: 2000px) 100vw, 2000px\" \/><\/a> <a href=\"http:\/\/sdhmalahrastice.cz\/wp-content\/uploads\/2016\/09\/IMG_2734.jpg\"><img loading=\"lazy\" decoding=\"async\" class=\"alignnone size-full wp-image-2807\" src=\"http:\/\/sdhmalahrastice.cz\/wp-content\/uploads\/2016\/09\/IMG_2734.jpg\" alt=\"img_2734\" width=\"2000\" height=\"1500\" srcset=\"https:\/\/www.sdhmalahrastice.cz\/wp-content\/uploads\/2016\/09\/IMG_2734.jpg 2000w, https:\/\/www.sdhmalahrastice.cz\/wp-content\/uploads\/2016\/09\/IMG_2734-300x225.jpg 300w, https:\/\/www.sdhmalahrastice.cz\/wp-content\/uploads\/2016\/09\/IMG_2734-768x576.jpg 768w, https:\/\/www.sdhmalahrastice.cz\/wp-content\/uploads\/2016\/09\/IMG_2734-1024x768.jpg 1024w\" sizes=\"auto, (max-width: 2000px) 100vw, 2000px\" \/><\/a><\/p>\n<p style=\"text-align: justify;\">Na\u0161e posledn\u00ed leto\u0161n\u00ed sout\u011b\u017e v po\u017e\u00e1rn\u00edm \u00fatoku se uskute\u010dnila 24. z\u00e1\u0159\u00ed v Lib\u010dic\u00edch. Cht\u011bli jsme vyrazit v\u0161ichni, ale bohu\u017eel n\u00e1m p\u00e1r \u010dlen\u016f onemocn\u011blo. Vyrazila tedy t\u0159i dru\u017estva, p\u0159\u00edpravka, mlad\u0161\u00ed a star\u0161\u00ed. Ka\u017ed\u00e9 dru\u017estvo m\u011blo dva pokusy. Nejd\u0159\u00edve si oba pokusy odb\u011bhly p\u0159\u00edpravky, na\u0161e a Lib\u010dick\u00e1. U ka\u017ed\u00e9 p\u0159\u00edpravky byl \u00fatok trochu jin\u00fd, na\u0161e b\u011b\u017eela norm\u00e1ln\u00ed \u00fatok jako mlad\u0161\u00ed, s klasick\u00fdmi hadicemi C a B. Lib\u010dick\u00e1 p\u0159\u00edpravka b\u011b\u017eela na hadice D a m\u011bla lehce zkr\u00e1cenou dr\u00e1hu. Ob\u011b dru\u017estva si vedla v\u00fdborn\u011b a skon\u010dila tak na 1. m\u00edst\u011b spole\u010dn\u011b. Po p\u0159\u00edpravk\u00e1ch sout\u011b\u017eilo 8 dru\u017estev mlad\u0161\u00edch a 3 dru\u017estva star\u0161\u00edch. Na\u0161i mlad\u0161\u00ed nakonec obsadili 6. m\u00edsto a star\u0161\u00ed 2. m\u00edsto. Po\u010das\u00ed n\u00e1m p\u0159\u00e1lo a velmi jsme si u\u017eili posledn\u00ed leto\u0161n\u00ed \u00fatoky. Odpoledne se je\u0161t\u011b uskute\u010dnila sout\u011b\u017e dosp\u011bl\u00e1k\u016f.<\/p>\n<p><strong><span style=\"text-decoration: underline;\">P\u0159\u00edpravka:<\/span><\/strong><\/p>\n<p>ko\u0161- Mat\u011bj Sou\u010dek a Zuzka Bezou\u0161kov\u00e1<\/p>\n<p>B &#8211; Terka \u0160kodov\u00e1<\/p>\n<p>rozd\u011blova\u010d &#8211; Patrik Jeli\u010d a Deniska Smr\u010dinov\u00e1<\/p>\n<p>lev\u00fd proud &#8211; Anetka Nesm\u011br\u00e1kov\u00e1<\/p>\n<p>prav\u00fd proud &#8211; Lenka Kamen\u00edkov\u00e1<\/p>\n<p><span style=\"text-decoration: underline;\"><strong>Mlad\u0161\u00ed:<\/strong><\/span><\/p>\n<p>ko\u0161 &#8211; Tom Havelka<\/p>\n<p>B+C &#8211; Ka\u010dka Wiedermannov\u00e1 a Lucka Wiedermannov\u00e1<\/p>\n<p>rozd\u011blova\u010d &#8211; Martin Sou\u010dek a Va\u0161\u00edk Urban\/K\u00e1ja Ale\u0161ov\u00e1<\/p>\n<p>lev\u00fd proud &#8211; Zuzka Fialov\u00e1<\/p>\n<p>prav\u00fd proud &#8211; Honz\u00edk Ma\u0159\u00edk<\/p>\n<p><span style=\"text-decoration: underline;\"><strong>Star\u0161\u00ed:<\/strong><\/span><\/p>\n<p>ko\u0161 &#8211; Kl\u00e1ra Wiedermannov\u00e1<\/p>\n<p>savice &#8211; Denisa Svobodov\u00e1<\/p>\n<p>ma\u0161ina &#8211; Han\u010fa Sob\u011bslavsk\u00e1<\/p>\n<p>B &#8211; Ane\u017eka Popkov\u00e1<\/p>\n<p>lev\u00fd proud &#8211; M\u00ed\u0161a \u0160p\u00edrkov\u00e1<\/p>\n<p>prav\u00fd proud &#8211; Jan\u010fa Sob\u011bslavsk\u00e1<\/p>\n<p style=\"text-align: center;\"><a href=\"http:\/\/sdh-hrastice-deti.rajce.idnes.cz\/24.9.2016-Pohar_starosty_obce-Libcice\/\" target=\"_blank\"><strong>FOTO A VIDEO<\/strong><\/a><\/p>\n<p style=\"text-align: center;\"><strong><a href=\"https:\/\/goo.gl\/photos\/P2A2wvuJZ3VWsU7p7\" target=\"_blank\">Dal\u0161\u00ed video a fotky<\/a><\/strong><\/p>\n","protected":false},"excerpt":{"rendered":"<p>Na\u0161e posledn\u00ed leto\u0161n\u00ed sout\u011b\u017e v po\u017e\u00e1rn\u00edm \u00fatoku se uskute\u010dnila 24. z\u00e1\u0159\u00ed v Lib\u010dic\u00edch. Cht\u011bli jsme vyrazit v\u0161ichni, ale bohu\u017eel n\u00e1m p\u00e1r \u010dlen\u016f onemocn\u011blo. Vyrazila tedy t\u0159i dru\u017estva, p\u0159\u00edpravka, mlad\u0161\u00ed a star\u0161\u00ed. Ka\u017ed\u00e9 dru\u017estvo m\u011blo dva pokusy. Nejd\u0159\u00edve si oba pokusy odb\u011bhly p\u0159\u00edpravky, na\u0161e a Lib\u010dick\u00e1. U ka\u017ed\u00e9 p\u0159\u00edpravky byl \u00fatok trochu jin\u00fd, na\u0161e b\u011b\u017eela norm\u00e1ln\u00ed &hellip; <a href=\"https:\/\/www.sdhmalahrastice.cz\/?p=2805\" class=\"more-link\">Pokra\u010dov\u00e1n\u00ed textu <span class=\"screen-reader-text\">24. 9. 2016 &#8211; Poh\u00e1r starosty &#8211; Lib\u010dice<\/span> <span class=\"meta-nav\">&rarr;<\/span><\/a><\/p>\n","protected":false},"author":2,"featured_media":0,"comment_status":"closed","ping_status":"open","sticky":false,"template":"","format":"standard","meta":{"ngg_post_thumbnail":0,"footnotes":""},"categories":[46],"tags":[],"class_list":["post-2805","post","type-post","status-publish","format-standard","hentry","category-souteze-deti"],"_links":{"self":[{"href":"https:\/\/www.sdhmalahrastice.cz\/index.php?rest_route=\/wp\/v2\/posts\/2805","targetHints":{"allow":["GET"]}}],"collection":[{"href":"https:\/\/www.sdhmalahrastice.cz\/index.php?rest_route=\/wp\/v2\/posts"}],"about":[{"href":"https:\/\/www.sdhmalahrastice.cz\/index.php?rest_route=\/wp\/v2\/types\/post"}],"author":[{"embeddable":true,"href":"https:\/\/www.sdhmalahrastice.cz\/index.php?rest_route=\/wp\/v2\/users\/2"}],"replies":[{"embeddable":true,"href":"https:\/\/www.sdhmalahrastice.cz\/index.php?rest_route=%2Fwp%2Fv2%2Fcomments&post=2805"}],"version-history":[{"count":4,"href":"https:\/\/www.sdhmalahrastice.cz\/index.php?rest_route=\/wp\/v2\/posts\/2805\/revisions"}],"predecessor-version":[{"id":2830,"href":"https:\/\/www.sdhmalahrastice.cz\/index.php?rest_route=\/wp\/v2\/posts\/2805\/revisions\/2830"}],"wp:attachment":[{"href":"https:\/\/www.sdhmalahrastice.cz\/index.php?rest_route=%2Fwp%2Fv2%2Fmedia&parent=2805"}],"wp:term":[{"taxonomy":"category","embeddable":true,"href":"https:\/\/www.sdhmalahrastice.cz\/index.php?rest_route=%2Fwp%2Fv2%2Fcategories&post=2805"},{"taxonomy":"post_tag","embeddable":true,"href":"https:\/\/www.sdhmalahrastice.cz\/index.php?rest_route=%2Fwp%2Fv2%2Ftags&post=2805"}],"curies":[{"name":"wp","href":"https:\/\/api.w.org\/{rel}","templated":true}]}}