{"id":3333,"date":"2017-09-11T08:53:38","date_gmt":"2017-09-11T07:53:38","guid":{"rendered":"http:\/\/sdhmalahrastice.cz\/?p=3333"},"modified":"2017-09-11T20:00:04","modified_gmt":"2017-09-11T19:00:04","slug":"2-9-2017-memorial-v-petrika","status":"publish","type":"post","link":"https:\/\/www.sdhmalahrastice.cz\/?p=3333","title":{"rendered":"2. 9. 2017 &#8211; Memori\u00e1l V. Petrika"},"content":{"rendered":"<p>2.9. jsme vyrazily do sousedn\u00ed Nov\u00e9 Vsi na Memori\u00e1l V. Petrika. Vyrazila dv\u011b mlad\u0161\u00ed dru\u017estva a jedno star\u0161\u00ed. P\u0159edpov\u011b\u010f po\u010das\u00ed slibovala zimu a d\u00e9\u0161\u0165, ani jedno na\u0161t\u011bst\u00ed tak \u00fapln\u011b nevy\u0161lo a sout\u011b\u017e jsme si u\u017eili. Jako prvn\u00ed \u0161lo na start mlad\u0161\u00ed B\u00e9\u010dko, dru\u017estvo na\u0161ich nejmen\u0161\u00edch. Oba dva pokusy se B\u00e9\u010dku povedly a dru\u017estvo tak obsadilo p\u011bkn\u00e9 6. m\u00edsto. Dal\u0161\u00ed v po\u0159ad\u00ed se na start p\u0159ipravilo Mlad\u0161\u00ed \u00c1\u010dko, oba dva pokusy se zada\u0159ily v\u00edce ne\u017e dob\u0159e a tak jsme se mohli radovat z 1. m\u00edsta. To nejlep\u0161\u00ed nakonec&#8230;..na\u0161e star\u0161\u00ed dru\u017estvo. Minul\u00fd rok si na\u0161i star\u0161\u00ed zab\u011bhli na t\u00e9to sout\u011b\u017ei sv\u016fj rekordn\u00ed \u010das 19,06s. Letos se n\u00e1m tu op\u011bt poda\u0159ilo si \u010das zlep\u0161it na 18,53s. Na\u0161e leto\u0161n\u00ed 1.m\u00edsto pro n\u00e1s znamenalo opravdu obrovskou radost a vylep\u0161en\u00ed pov\u011bsti po leto\u0161n\u00edm prohran\u00e9m derby \ud83d\ude42<\/p>\n<p>Mlad\u0161\u00ed B:<br \/>\nko\u0161 \u2013 Anetka<br \/>\nb\u00e9\u010dka \u2013 Dan a Terka<br \/>\nrozd\u011blova\u010d \u2013 Ver\u010da a Patrik<br \/>\nlev\u00fd proud \u2013 Mat\u011bj<br \/>\nprav\u00fd proud \u2013 M\u00e1ja<\/p>\n<p>6. m\u00edsto \u010das: 31,16s.<\/p>\n<p>Mlad\u0161\u00ed A:<br \/>\nko\u0161 \u2013 Tom<br \/>\nb\u00e9\u010dka \u2013 Lucka a Fanda<br \/>\nrozd\u011blova\u010d \u2013 Ka\u010dka a Va\u0161\u00edk<br \/>\nlev\u00fd proud \u2013 Lenka<br \/>\nprav\u00fd proud \u2013 Deniska<\/p>\n<p>1. m\u00edsto \u010das: 22,31 s.<\/p>\n<p>Star\u0161\u00ed:<br \/>\nko\u0161 \u2013 Kl\u00e1ra<br \/>\nsavice \u2013 M\u00ed\u0161a<br \/>\nma\u0161ina \u2013 Han\u010fa<br \/>\nb\u00e9\u010dka \u2013 Filip<br \/>\nrozd\u011blova\u010d \u2013 Jan\u010fa<br \/>\nlev\u00fd proud \u2013 Honza<br \/>\nprav\u00fd proud \u2013 Ane\u017eka<\/p>\n<p>1. m\u00edsto \u010das: 18,53 s.<\/p>\n<p style=\"text-align: center;\"><a href=\"http:\/\/sdh-hrastice-deti.rajce.idnes.cz\/2.9.2017_-_Memorial_V._Petrika_Nova_Ves\/\">FOTO<\/a><\/p>\n<p style=\"text-align: center;\"><a href=\"https:\/\/www.zonerama.com\/teryhrabetova\/Album\/3680252\">Odkaz na fotky<\/a><\/p>\n","protected":false},"excerpt":{"rendered":"<p>2.9. jsme vyrazily do sousedn\u00ed Nov\u00e9 Vsi na Memori\u00e1l V. Petrika. Vyrazila dv\u011b mlad\u0161\u00ed dru\u017estva a jedno star\u0161\u00ed. P\u0159edpov\u011b\u010f po\u010das\u00ed slibovala zimu a d\u00e9\u0161\u0165, ani jedno na\u0161t\u011bst\u00ed tak \u00fapln\u011b nevy\u0161lo a sout\u011b\u017e jsme si u\u017eili. Jako prvn\u00ed \u0161lo na start mlad\u0161\u00ed B\u00e9\u010dko, dru\u017estvo na\u0161ich nejmen\u0161\u00edch. Oba dva pokusy se B\u00e9\u010dku povedly a dru\u017estvo tak obsadilo &hellip; <a href=\"https:\/\/www.sdhmalahrastice.cz\/?p=3333\" class=\"more-link\">Pokra\u010dov\u00e1n\u00ed textu <span class=\"screen-reader-text\">2. 9. 2017 &#8211; Memori\u00e1l V. Petrika<\/span> <span class=\"meta-nav\">&rarr;<\/span><\/a><\/p>\n","protected":false},"author":2,"featured_media":0,"comment_status":"closed","ping_status":"open","sticky":false,"template":"","format":"standard","meta":{"ngg_post_thumbnail":0,"footnotes":""},"categories":[46],"tags":[],"class_list":["post-3333","post","type-post","status-publish","format-standard","hentry","category-souteze-deti"],"_links":{"self":[{"href":"https:\/\/www.sdhmalahrastice.cz\/index.php?rest_route=\/wp\/v2\/posts\/3333","targetHints":{"allow":["GET"]}}],"collection":[{"href":"https:\/\/www.sdhmalahrastice.cz\/index.php?rest_route=\/wp\/v2\/posts"}],"about":[{"href":"https:\/\/www.sdhmalahrastice.cz\/index.php?rest_route=\/wp\/v2\/types\/post"}],"author":[{"embeddable":true,"href":"https:\/\/www.sdhmalahrastice.cz\/index.php?rest_route=\/wp\/v2\/users\/2"}],"replies":[{"embeddable":true,"href":"https:\/\/www.sdhmalahrastice.cz\/index.php?rest_route=%2Fwp%2Fv2%2Fcomments&post=3333"}],"version-history":[{"count":3,"href":"https:\/\/www.sdhmalahrastice.cz\/index.php?rest_route=\/wp\/v2\/posts\/3333\/revisions"}],"predecessor-version":[{"id":3342,"href":"https:\/\/www.sdhmalahrastice.cz\/index.php?rest_route=\/wp\/v2\/posts\/3333\/revisions\/3342"}],"wp:attachment":[{"href":"https:\/\/www.sdhmalahrastice.cz\/index.php?rest_route=%2Fwp%2Fv2%2Fmedia&parent=3333"}],"wp:term":[{"taxonomy":"category","embeddable":true,"href":"https:\/\/www.sdhmalahrastice.cz\/index.php?rest_route=%2Fwp%2Fv2%2Fcategories&post=3333"},{"taxonomy":"post_tag","embeddable":true,"href":"https:\/\/www.sdhmalahrastice.cz\/index.php?rest_route=%2Fwp%2Fv2%2Ftags&post=3333"}],"curies":[{"name":"wp","href":"https:\/\/api.w.org\/{rel}","templated":true}]}}