{"id":3603,"date":"2018-02-08T15:05:32","date_gmt":"2018-02-08T14:05:32","guid":{"rendered":"https:\/\/www.sdhmalahrastice.cz\/?p=3603"},"modified":"2018-02-08T15:05:32","modified_gmt":"2018-02-08T14:05:32","slug":"28-1-2018-zvani-na-hasicsky-ples-sdh-mala-hrastice","status":"publish","type":"post","link":"https:\/\/www.sdhmalahrastice.cz\/?p=3603","title":{"rendered":"28. 1. 2018 \u2013 ZVAN\u00cd NA HASI\u010cSK\u00dd PLES SDH MAL\u00c1 HRA\u0160TICE"},"content":{"rendered":"<p>V ned\u011bli od&nbsp;10:00&nbsp;&nbsp;jsme chodili zv\u00e1t spoluob\u010dany Mal\u00e9 i Velk\u00e9 Hra\u0161tice na n\u00e1\u0161 hasi\u010dsk\u00fd ples. Celou obec m\u00e1me rozd\u011blenou na \u010dty\u0159i \u00faseky a po dvojic\u00edch zveme d\u016fm od domu. N\u011bkde n\u00e1m neotev\u0159eli v\u016fbec, n\u011bkde otev\u0159ou ze zv\u011bdavosti a n\u011bkde na n\u00e1s vylo\u017een\u011b \u010dekaj\u00ed a maj\u00ed p\u0159ipraveno i mal\u00e9 poho\u0161t\u011bn\u00ed nebo n\u011bco na zah\u0159\u00e1t\u00ed. Leto\u0161n\u00ed po\u010das\u00ed bylo docela chladn\u00e9 a v\u011btrn\u00e9. Kon\u010d\u00edme v\u011bt\u0161inou a\u017e kolem t\u0159et\u00ed hodiny odpoledne.&nbsp;<\/p>\n<p><u><\/u><strong><u>Zvan\u00ed se z\u00fa\u010dastnili:<\/u><\/strong><\/p>\n<p><em>Radek Sou\u010dek, Roman Wiedermann, \u0160t\u011bp\u00e1n Sou\u010dek&nbsp; &nbsp;\u2013 \u00fasek Velk\u00e1 Hra\u0161tice<\/em><\/p>\n<p><em>Roman Bi\u010di\u0161t\u011b, Tom\u00e1\u0161 Jirotka &nbsp; &nbsp; &nbsp; &nbsp; &nbsp; &nbsp; &nbsp; &nbsp; &nbsp;\u2013 \u00fasek Mal\u00e1 strana<\/em><\/p>\n<p><em>Radim Sou\u010dek, Pavel Popek st.&nbsp; &nbsp; &nbsp; &nbsp; &nbsp; &nbsp; &nbsp; &nbsp; \u2013 \u00fasek St\u0159ed<\/em><\/p>\n<p><em>Martin Jech, Radek Sob\u011bslavsk\u00fd&nbsp; &nbsp; &nbsp; &nbsp; &nbsp; \u2013 \u00fasek N\u00e1dra\u017e\u00ed<\/em><\/p>\n","protected":false},"excerpt":{"rendered":"<p>V ned\u011bli od&nbsp;10:00&nbsp;&nbsp;jsme chodili zv\u00e1t spoluob\u010dany Mal\u00e9 i Velk\u00e9 Hra\u0161tice na n\u00e1\u0161 hasi\u010dsk\u00fd ples. Celou obec m\u00e1me rozd\u011blenou na \u010dty\u0159i \u00faseky a po dvojic\u00edch zveme d\u016fm od domu. N\u011bkde n\u00e1m neotev\u0159eli v\u016fbec, n\u011bkde otev\u0159ou ze zv\u011bdavosti a n\u011bkde na n\u00e1s vylo\u017een\u011b \u010dekaj\u00ed a maj\u00ed p\u0159ipraveno i mal\u00e9 poho\u0161t\u011bn\u00ed nebo n\u011bco na zah\u0159\u00e1t\u00ed. Leto\u0161n\u00ed po\u010das\u00ed bylo &hellip; <a href=\"https:\/\/www.sdhmalahrastice.cz\/?p=3603\" class=\"more-link\">Pokra\u010dov\u00e1n\u00ed textu <span class=\"screen-reader-text\">28. 1. 2018 \u2013 ZVAN\u00cd NA HASI\u010cSK\u00dd PLES SDH MAL\u00c1 HRA\u0160TICE<\/span> <span class=\"meta-nav\">&rarr;<\/span><\/a><\/p>\n","protected":false},"author":1,"featured_media":0,"comment_status":"closed","ping_status":"open","sticky":false,"template":"","format":"standard","meta":{"ngg_post_thumbnail":0,"footnotes":""},"categories":[60],"tags":[],"class_list":["post-3603","post","type-post","status-publish","format-standard","hentry","category-akce-2018"],"_links":{"self":[{"href":"https:\/\/www.sdhmalahrastice.cz\/index.php?rest_route=\/wp\/v2\/posts\/3603","targetHints":{"allow":["GET"]}}],"collection":[{"href":"https:\/\/www.sdhmalahrastice.cz\/index.php?rest_route=\/wp\/v2\/posts"}],"about":[{"href":"https:\/\/www.sdhmalahrastice.cz\/index.php?rest_route=\/wp\/v2\/types\/post"}],"author":[{"embeddable":true,"href":"https:\/\/www.sdhmalahrastice.cz\/index.php?rest_route=\/wp\/v2\/users\/1"}],"replies":[{"embeddable":true,"href":"https:\/\/www.sdhmalahrastice.cz\/index.php?rest_route=%2Fwp%2Fv2%2Fcomments&post=3603"}],"version-history":[{"count":1,"href":"https:\/\/www.sdhmalahrastice.cz\/index.php?rest_route=\/wp\/v2\/posts\/3603\/revisions"}],"predecessor-version":[{"id":3604,"href":"https:\/\/www.sdhmalahrastice.cz\/index.php?rest_route=\/wp\/v2\/posts\/3603\/revisions\/3604"}],"wp:attachment":[{"href":"https:\/\/www.sdhmalahrastice.cz\/index.php?rest_route=%2Fwp%2Fv2%2Fmedia&parent=3603"}],"wp:term":[{"taxonomy":"category","embeddable":true,"href":"https:\/\/www.sdhmalahrastice.cz\/index.php?rest_route=%2Fwp%2Fv2%2Fcategories&post=3603"},{"taxonomy":"post_tag","embeddable":true,"href":"https:\/\/www.sdhmalahrastice.cz\/index.php?rest_route=%2Fwp%2Fv2%2Ftags&post=3603"}],"curies":[{"name":"wp","href":"https:\/\/api.w.org\/{rel}","templated":true}]}}