{"id":3778,"date":"2018-06-27T12:06:30","date_gmt":"2018-06-27T11:06:30","guid":{"rendered":"https:\/\/www.sdhmalahrastice.cz\/?p=3778"},"modified":"2018-06-27T12:53:10","modified_gmt":"2018-06-27T11:53:10","slug":"23-6-2018-130-vyroci-sdh-nova-ves-pod-plesi-dospelaci","status":"publish","type":"post","link":"https:\/\/www.sdhmalahrastice.cz\/?p=3778","title":{"rendered":"23.6.2018 &#8211; 130. v\u00fdro\u010d\u00ed SDH Nov\u00e1 Ves pod Ple\u0161\u00ed &#8211; dosp\u011bl\u00e1ci"},"content":{"rendered":"<p>22. 6. &#8211; 23. 6. 2018 slavili kolegov\u00e9 z SDH Nov\u00e1 Ves pod Ple\u0161\u00ed v\u00fdro\u010d\u00ed 130 let od zalo\u017een\u00ed sboru. V p\u00e1tek na slavnostn\u00ed sch\u016fzi prob\u011bhlo shrnut\u00ed dosavadn\u00ed \u010dinnosti sboru a p\u0159ed\u00e1v\u00e1n\u00ed \u010destn\u00fdch ocen\u011bn\u00ed a medail\u00ed. Za n\u00e1\u0161 sbor se z\u00fa\u010dastnilo 5 \u010dlen\u016f.<\/p>\n<p><a href=\"https:\/\/www.sdhmalahrastice.cz\/wp-content\/uploads\/2018\/06\/IMGP1817.jpg\"><img loading=\"lazy\" decoding=\"async\" class=\"aligncenter size-medium wp-image-3780\" src=\"https:\/\/www.sdhmalahrastice.cz\/wp-content\/uploads\/2018\/06\/IMGP1817-300x199.jpg\" alt=\"\" width=\"300\" height=\"199\" srcset=\"https:\/\/www.sdhmalahrastice.cz\/wp-content\/uploads\/2018\/06\/IMGP1817-300x199.jpg 300w, https:\/\/www.sdhmalahrastice.cz\/wp-content\/uploads\/2018\/06\/IMGP1817-768x508.jpg 768w, https:\/\/www.sdhmalahrastice.cz\/wp-content\/uploads\/2018\/06\/IMGP1817-1024x678.jpg 1024w, https:\/\/www.sdhmalahrastice.cz\/wp-content\/uploads\/2018\/06\/IMGP1817.jpg 2000w\" sizes=\"auto, (max-width: 300px) 100vw, 300px\" \/><\/a><\/p>\n<p>V sobotu oslavy pokra\u010dovaly dopoledn\u00edm pr\u016fvodem a kolonou hasi\u010dsk\u00e9 techniky. Pr\u016fvod se zastavil u pam\u00e1tn\u00edku padl\u00fdch ve sv\u011btov\u00fdch v\u00e1lk\u00e1ch, kde byl polo\u017een v\u011bnec a st\u00e1la \u010destn\u00e1 str\u00e1\u017e. Pak se pokra\u010dovalo na fotbalov\u00e9 h\u0159i\u0161t\u011b. Po slavnostn\u00edm n\u00e1stupu jsme p\u0159ipravili z\u00e1zem\u00ed pro na\u0161e t\u00fdmy d\u011bt\u00ed a dosp\u011bl\u00fdch. Po ob\u011bd\u011b za\u010daly klasick\u00e9 \u00fatoky d\u011bt\u00ed a z\u00e1rove\u0148 \u00fatoky dosp\u011bl\u00e1ck\u00fdch kategori\u00ed, kter\u00e9 byly roz\u0161\u00ed\u0159eny o dopl\u0148kovou sout\u011b\u017e. Dosp\u011bl\u00e1ci si svoje pozice p\u0159i \u00fatoku losovali, tak\u017ee byla docela z\u00e1bava, kdo si co vyt\u00e1hne. Strojn\u00edk pak musel na zahradn\u00ed kole\u010dko nalo\u017eit \u010dlena, kter\u00fd b\u011b\u017eel prav\u00fd proud, a projet kr\u00e1tk\u00fd slalom a teprve potom mohl za\u010d\u00edt \u00fatok.<\/p>\n<p>Po skon\u010den\u00ed \u00fatok\u016f, n\u00e1stupu a p\u0159ed\u00e1n\u00ed cen byla voln\u00e1 z\u00e1bava, ke kter\u00e9 hr\u00e1la skupina STATIC. Toho jsme se u\u017e bohu\u017eel nez\u00fa\u010dastnili, proto\u017ee jsme za cel\u00fd den a odpoledne byli po\u0159\u00e1dn\u011b vyfoukan\u00ed a prochladl\u00ed. Letos se po\u010das\u00ed moc nevyvedlo.<\/p>\n<p>D\u011bti nezklamaly a m\u011bly kr\u00e1sn\u00e1 um\u00edst\u011bn\u00ed (viz p\u0159\u00edsp\u011bvek od Ka\u010dky).<\/p>\n<p>Dosp\u011bl\u00e1ci se tak\u00e9 nenechali zahanbit a holky skon\u010dily na 2. m\u00edst\u011b a mlad\u0161\u00ed chlapi skon\u010dili na 4. m\u00edst\u011b.<\/p>\n<p><a href=\"https:\/\/www.sdhmalahrastice.cz\/wp-content\/uploads\/2018\/06\/IMGP1916.jpg\"><img loading=\"lazy\" decoding=\"async\" class=\"aligncenter size-medium wp-image-3781\" src=\"https:\/\/www.sdhmalahrastice.cz\/wp-content\/uploads\/2018\/06\/IMGP1916-300x199.jpg\" alt=\"\" width=\"300\" height=\"199\" srcset=\"https:\/\/www.sdhmalahrastice.cz\/wp-content\/uploads\/2018\/06\/IMGP1916-300x199.jpg 300w, https:\/\/www.sdhmalahrastice.cz\/wp-content\/uploads\/2018\/06\/IMGP1916-768x508.jpg 768w, https:\/\/www.sdhmalahrastice.cz\/wp-content\/uploads\/2018\/06\/IMGP1916-1024x678.jpg 1024w, https:\/\/www.sdhmalahrastice.cz\/wp-content\/uploads\/2018\/06\/IMGP1916.jpg 2000w\" sizes=\"auto, (max-width: 300px) 100vw, 300px\" \/><\/a><\/p>\n<p>Z na\u0161eho sboru se z\u00fa\u010dastnili:<\/p>\n<p><span style=\"text-decoration: underline;\"><strong>P\u00e1tek 22. 6. &#8211; Slavnostn\u00ed sch\u016fze:<\/strong><\/span><em> Ladislav Kykal,<\/em>&nbsp;<em>Lubo\u0161 Sou\u010dek, Radim&nbsp;Sou\u010dek, Roman Wiedermann,&nbsp;Hel\u010da Wiedermannov\u00e1<\/em><\/p>\n<p><span style=\"text-decoration: underline;\"><strong>Sobota 23. 6. &#8211; Dopoledne pr\u016fvod:<\/strong><\/span>&nbsp;<em>Radim&nbsp;Sou\u010dek, Roman Wiedermann,&nbsp;Dan Sou\u010dek, Filip Stan\u011bk<\/em><\/p>\n<p><strong><u><span style=\"text-decoration: underline;\">Sobota 23. 6. &#8211;&nbsp;<\/span>Sout\u011b\u017e \u017eeny:<\/u>&nbsp;<\/strong><em>Ren\u010da Sob\u011bslavsk\u00e1, Hel\u010da Wiedermannov\u00e1, Jarka Sou\u010dkov\u00e1, Petra \u0160vancarov\u00e1, Hel\u010da Havl\u00ed\u010dkov\u00e1, Radka Bro\u017eov\u00e1, Lubo\u0161 Sou\u010dek ml.<\/em><\/p>\n<p><strong><u><span style=\"text-decoration: underline;\">Sobota 23. 6. &#8211;&nbsp;<\/span>Sout\u011b\u017e mu\u017ei:<\/u>&nbsp;<\/strong><em>Radim&nbsp;Sou\u010dek, Lubo\u0161 Sou\u010dek ml., Dan Sou\u010dek, \u0160t\u011bp\u00e1n Sou\u010dek,&nbsp;Ondra M\u011bchura, Filip Stan\u011bk, Roman Wiedermann<\/em><\/p>\n<p style=\"text-align: center;\"><strong><a href=\"https:\/\/photos.app.goo.gl\/LZX7eiPQFaEphsUS7\" target=\"_blank\" rel=\"noopener\">FOTO A VIDEO<\/a><\/strong><\/p>\n<p><em><span style=\"color: #999999;\">Foto a video: Pavel Rada a Roman Wiedermann<\/span><\/em><\/p>\n","protected":false},"excerpt":{"rendered":"<p>22. 6. &#8211; 23. 6. 2018 slavili kolegov\u00e9 z SDH Nov\u00e1 Ves pod Ple\u0161\u00ed v\u00fdro\u010d\u00ed 130 let od zalo\u017een\u00ed sboru. V p\u00e1tek na slavnostn\u00ed sch\u016fzi prob\u011bhlo shrnut\u00ed dosavadn\u00ed \u010dinnosti sboru a p\u0159ed\u00e1v\u00e1n\u00ed \u010destn\u00fdch ocen\u011bn\u00ed a medail\u00ed. Za n\u00e1\u0161 sbor se z\u00fa\u010dastnilo 5 \u010dlen\u016f. V sobotu oslavy pokra\u010dovaly dopoledn\u00edm pr\u016fvodem a kolonou hasi\u010dsk\u00e9 techniky. Pr\u016fvod se &hellip; <a href=\"https:\/\/www.sdhmalahrastice.cz\/?p=3778\" class=\"more-link\">Pokra\u010dov\u00e1n\u00ed textu <span class=\"screen-reader-text\">23.6.2018 &#8211; 130. v\u00fdro\u010d\u00ed SDH Nov\u00e1 Ves pod Ple\u0161\u00ed &#8211; dosp\u011bl\u00e1ci<\/span> <span class=\"meta-nav\">&rarr;<\/span><\/a><\/p>\n","protected":false},"author":1,"featured_media":0,"comment_status":"closed","ping_status":"open","sticky":false,"template":"","format":"standard","meta":{"ngg_post_thumbnail":0,"footnotes":""},"categories":[61],"tags":[],"class_list":["post-3778","post","type-post","status-publish","format-standard","hentry","category-souteze-2018"],"_links":{"self":[{"href":"https:\/\/www.sdhmalahrastice.cz\/index.php?rest_route=\/wp\/v2\/posts\/3778","targetHints":{"allow":["GET"]}}],"collection":[{"href":"https:\/\/www.sdhmalahrastice.cz\/index.php?rest_route=\/wp\/v2\/posts"}],"about":[{"href":"https:\/\/www.sdhmalahrastice.cz\/index.php?rest_route=\/wp\/v2\/types\/post"}],"author":[{"embeddable":true,"href":"https:\/\/www.sdhmalahrastice.cz\/index.php?rest_route=\/wp\/v2\/users\/1"}],"replies":[{"embeddable":true,"href":"https:\/\/www.sdhmalahrastice.cz\/index.php?rest_route=%2Fwp%2Fv2%2Fcomments&post=3778"}],"version-history":[{"count":6,"href":"https:\/\/www.sdhmalahrastice.cz\/index.php?rest_route=\/wp\/v2\/posts\/3778\/revisions"}],"predecessor-version":[{"id":3790,"href":"https:\/\/www.sdhmalahrastice.cz\/index.php?rest_route=\/wp\/v2\/posts\/3778\/revisions\/3790"}],"wp:attachment":[{"href":"https:\/\/www.sdhmalahrastice.cz\/index.php?rest_route=%2Fwp%2Fv2%2Fmedia&parent=3778"}],"wp:term":[{"taxonomy":"category","embeddable":true,"href":"https:\/\/www.sdhmalahrastice.cz\/index.php?rest_route=%2Fwp%2Fv2%2Fcategories&post=3778"},{"taxonomy":"post_tag","embeddable":true,"href":"https:\/\/www.sdhmalahrastice.cz\/index.php?rest_route=%2Fwp%2Fv2%2Ftags&post=3778"}],"curies":[{"name":"wp","href":"https:\/\/api.w.org\/{rel}","templated":true}]}}